{"id":11081,"date":"2021-09-16T16:15:52","date_gmt":"2021-09-16T15:15:52","guid":{"rendered":"https:\/\/www.euchems.eu\/newsletters\/?p=11081"},"modified":"2021-09-17T09:48:16","modified_gmt":"2021-09-17T08:48:16","slug":"almaden-mines-award-ceremony","status":"publish","type":"post","link":"https:\/\/www.euchems.eu\/newsletters\/almaden-mines-award-ceremony\/","title":{"rendered":"EuChemS Historical Landmarks Award plaque unveiled at Almad\u00e9n mines, Spain"},"content":{"rendered":"<p style=\"text-align: justify;\">After postponements due to the COVID-19 pandemic, we had the pleasure of travelling to Almad\u00e9n (Spain) on 14 and 15 September 2021, where the mines have been awarded the 2019 EuChemS Historical Landmark (European level).<\/p>\n<p style=\"text-align: justify;\">The ceremony was preceded by a symposium on the history of the mines and the element mercury. From EuChemS, Floris Rutjes, President, Pilar Goya, Vice-President and Nineta Hrastelj, Secretary General, attended the unveiling of the plaque in Almad\u00e9n. The ceremony also welcomed several\u00a0 high-level guests from the scientific community, media, politicians and regional organisers. Amongst others, the President of the Spanish Royal Chemical Society (RSEQ), Antonio M. Echavarren Pablos, the RSEQ Secretary General, Sonsoles Mart\u00edn-Santamar\u00eda, and from Universidad of Castilla-La Mancha (UCLM) Mar\u00eda Antonia Herrero Chamorro and Antonio M. Rodr\u00edguez Garc\u00eda were present. Additionally, the President of the Portuguese Chemical Society (SPQ), Artur Silva joined the unveiling of the \u00a0plaque.<\/p>\n<p class=\"has-text-align-justify\" style=\"text-align: justify;\">We would like to thank all the people involved in this wonderful gathering, especially Mar\u00eda Antonia Herrero Chamorro and Antonio M. Rodr\u00edguez Garc\u00eda for impeccable coordination.<\/p>\n<p>Read more <a href=\"https:\/\/www.euchems.eu\/historical-landmarks-award-plaque-unveiled-almaden\/\" target=\"_blank\" rel=\"noopener\">here<\/a>.<\/p>\n<p>&nbsp;<\/p>\n","protected":false},"excerpt":{"rendered":"<p>After postponements due to the COVID-19 pandemic, we had the pleasure of travelling to Almad\u00e9n (Spain) on 14 and 15 &hellip; <\/p>\n","protected":false},"author":1,"featured_media":11110,"comment_status":"closed","ping_status":"closed","sticky":false,"template":"","format":"standard","meta":{"jetpack_post_was_ever_published":false,"jetpack_publicize_message":"","jetpack_is_tweetstorm":false,"jetpack_publicize_feature_enabled":true,"jetpack_social_post_already_shared":true,"jetpack_social_options":{"image_generator_settings":{"template":"highway","enabled":false}}},"categories":[9,128,5],"tags":[],"jetpack_publicize_connections":[],"yoast_head":"<!-- This site is optimized with the Yoast SEO plugin v20.6 - https:\/\/yoast.com\/wordpress\/plugins\/seo\/ -->\n<title>EuChemS Historical Landmarks Award plaque unveiled at Almad\u00e9n mines, Spain - EuChemS Newsletters<\/title>\n<meta name=\"robots\" content=\"index, follow, max-snippet:-1, max-image-preview:large, max-video-preview:-1\" \/>\n<link rel=\"canonical\" href=\"https:\/\/www.euchems.eu\/newsletters\/almaden-mines-award-ceremony\/\" \/>\n<meta property=\"og:locale\" content=\"en_US\" \/>\n<meta property=\"og:type\" content=\"article\" \/>\n<meta property=\"og:title\" content=\"EuChemS Historical Landmarks Award plaque unveiled at Almad\u00e9n mines, Spain - EuChemS Newsletters\" \/>\n<meta property=\"og:description\" content=\"After postponements due to the COVID-19 pandemic, we had the pleasure of travelling to Almad\u00e9n (Spain) on 14 and 15 &hellip;\" \/>\n<meta property=\"og:url\" content=\"https:\/\/www.euchems.eu\/newsletters\/almaden-mines-award-ceremony\/\" \/>\n<meta property=\"og:site_name\" content=\"EuChemS Newsletters\" \/>\n<meta property=\"article:published_time\" content=\"2021-09-16T15:15:52+00:00\" \/>\n<meta property=\"article:modified_time\" content=\"2021-09-17T08:48:16+00:00\" \/>\n<meta property=\"og:image\" content=\"https:\/\/i1.wp.com\/www.euchems.eu\/newsletters\/wp-content\/uploads\/2021\/09\/Almade\u0301n.png?fit=900%2C563&ssl=1\" \/>\n\t<meta property=\"og:image:width\" content=\"900\" \/>\n\t<meta property=\"og:image:height\" content=\"563\" \/>\n\t<meta property=\"og:image:type\" content=\"image\/png\" \/>\n<meta name=\"author\" content=\"euchems_admin\" \/>\n<meta name=\"twitter:card\" content=\"summary_large_image\" \/>\n<meta name=\"twitter:label1\" content=\"Written by\" \/>\n\t<meta name=\"twitter:data1\" content=\"euchems_admin\" \/>\n\t<meta name=\"twitter:label2\" content=\"Est. reading time\" \/>\n\t<meta name=\"twitter:data2\" content=\"1 minute\" \/>\n<script type=\"application\/ld+json\" class=\"yoast-schema-graph\">{\"@context\":\"https:\/\/schema.org\",\"@graph\":[{\"@type\":\"WebPage\",\"@id\":\"https:\/\/www.euchems.eu\/newsletters\/almaden-mines-award-ceremony\/\",\"url\":\"https:\/\/www.euchems.eu\/newsletters\/almaden-mines-award-ceremony\/\",\"name\":\"EuChemS Historical Landmarks Award plaque unveiled at Almad\u00e9n mines, Spain - EuChemS Newsletters\",\"isPartOf\":{\"@id\":\"https:\/\/www.euchems.eu\/newsletters\/#website\"},\"datePublished\":\"2021-09-16T15:15:52+00:00\",\"dateModified\":\"2021-09-17T08:48:16+00:00\",\"author\":{\"@id\":\"https:\/\/www.euchems.eu\/newsletters\/#\/schema\/person\/669ec445376829d1e63b119235be7156\"},\"breadcrumb\":{\"@id\":\"https:\/\/www.euchems.eu\/newsletters\/almaden-mines-award-ceremony\/#breadcrumb\"},\"inLanguage\":\"en-US\",\"potentialAction\":[{\"@type\":\"ReadAction\",\"target\":[\"https:\/\/www.euchems.eu\/newsletters\/almaden-mines-award-ceremony\/\"]}]},{\"@type\":\"BreadcrumbList\",\"@id\":\"https:\/\/www.euchems.eu\/newsletters\/almaden-mines-award-ceremony\/#breadcrumb\",\"itemListElement\":[{\"@type\":\"ListItem\",\"position\":1,\"name\":\"Home\",\"item\":\"https:\/\/www.euchems.eu\/newsletters\/\"},{\"@type\":\"ListItem\",\"position\":2,\"name\":\"EuChemS Historical Landmarks Award plaque unveiled at Almad\u00e9n mines, Spain\"}]},{\"@type\":\"WebSite\",\"@id\":\"https:\/\/www.euchems.eu\/newsletters\/#website\",\"url\":\"https:\/\/www.euchems.eu\/newsletters\/\",\"name\":\"EuChemS Newsletters\",\"description\":\"\",\"potentialAction\":[{\"@type\":\"SearchAction\",\"target\":{\"@type\":\"EntryPoint\",\"urlTemplate\":\"https:\/\/www.euchems.eu\/newsletters\/?s={search_term_string}\"},\"query-input\":\"required name=search_term_string\"}],\"inLanguage\":\"en-US\"},{\"@type\":\"Person\",\"@id\":\"https:\/\/www.euchems.eu\/newsletters\/#\/schema\/person\/669ec445376829d1e63b119235be7156\",\"name\":\"euchems_admin\",\"image\":{\"@type\":\"ImageObject\",\"inLanguage\":\"en-US\",\"@id\":\"https:\/\/www.euchems.eu\/newsletters\/#\/schema\/person\/image\/\",\"url\":\"https:\/\/secure.gravatar.com\/avatar\/1ad3660db214f98473c39196fc8040e7?s=96&d=mm&r=g\",\"contentUrl\":\"https:\/\/secure.gravatar.com\/avatar\/1ad3660db214f98473c39196fc8040e7?s=96&d=mm&r=g\",\"caption\":\"euchems_admin\"},\"url\":\"https:\/\/www.euchems.eu\/newsletters\/author\/euchems_admin\/\"}]}<\/script>\n<!-- \/ Yoast SEO plugin. -->","yoast_head_json":{"title":"EuChemS Historical Landmarks Award plaque unveiled at Almad\u00e9n mines, Spain - EuChemS Newsletters","robots":{"index":"index","follow":"follow","max-snippet":"max-snippet:-1","max-image-preview":"max-image-preview:large","max-video-preview":"max-video-preview:-1"},"canonical":"https:\/\/www.euchems.eu\/newsletters\/almaden-mines-award-ceremony\/","og_locale":"en_US","og_type":"article","og_title":"EuChemS Historical Landmarks Award plaque unveiled at Almad\u00e9n mines, Spain - EuChemS Newsletters","og_description":"After postponements due to the COVID-19 pandemic, we had the pleasure of travelling to Almad\u00e9n (Spain) on 14 and 15 &hellip;","og_url":"https:\/\/www.euchems.eu\/newsletters\/almaden-mines-award-ceremony\/","og_site_name":"EuChemS Newsletters","article_published_time":"2021-09-16T15:15:52+00:00","article_modified_time":"2021-09-17T08:48:16+00:00","og_image":[{"width":900,"height":563,"url":"https:\/\/i1.wp.com\/www.euchems.eu\/newsletters\/wp-content\/uploads\/2021\/09\/Almade\u0301n.png?fit=900%2C563&ssl=1","type":"image\/png"}],"author":"euchems_admin","twitter_card":"summary_large_image","twitter_misc":{"Written by":"euchems_admin","Est. reading time":"1 minute"},"schema":{"@context":"https:\/\/schema.org","@graph":[{"@type":"WebPage","@id":"https:\/\/www.euchems.eu\/newsletters\/almaden-mines-award-ceremony\/","url":"https:\/\/www.euchems.eu\/newsletters\/almaden-mines-award-ceremony\/","name":"EuChemS Historical Landmarks Award plaque unveiled at Almad\u00e9n mines, Spain - EuChemS Newsletters","isPartOf":{"@id":"https:\/\/www.euchems.eu\/newsletters\/#website"},"datePublished":"2021-09-16T15:15:52+00:00","dateModified":"2021-09-17T08:48:16+00:00","author":{"@id":"https:\/\/www.euchems.eu\/newsletters\/#\/schema\/person\/669ec445376829d1e63b119235be7156"},"breadcrumb":{"@id":"https:\/\/www.euchems.eu\/newsletters\/almaden-mines-award-ceremony\/#breadcrumb"},"inLanguage":"en-US","potentialAction":[{"@type":"ReadAction","target":["https:\/\/www.euchems.eu\/newsletters\/almaden-mines-award-ceremony\/"]}]},{"@type":"BreadcrumbList","@id":"https:\/\/www.euchems.eu\/newsletters\/almaden-mines-award-ceremony\/#breadcrumb","itemListElement":[{"@type":"ListItem","position":1,"name":"Home","item":"https:\/\/www.euchems.eu\/newsletters\/"},{"@type":"ListItem","position":2,"name":"EuChemS Historical Landmarks Award plaque unveiled at Almad\u00e9n mines, Spain"}]},{"@type":"WebSite","@id":"https:\/\/www.euchems.eu\/newsletters\/#website","url":"https:\/\/www.euchems.eu\/newsletters\/","name":"EuChemS Newsletters","description":"","potentialAction":[{"@type":"SearchAction","target":{"@type":"EntryPoint","urlTemplate":"https:\/\/www.euchems.eu\/newsletters\/?s={search_term_string}"},"query-input":"required name=search_term_string"}],"inLanguage":"en-US"},{"@type":"Person","@id":"https:\/\/www.euchems.eu\/newsletters\/#\/schema\/person\/669ec445376829d1e63b119235be7156","name":"euchems_admin","image":{"@type":"ImageObject","inLanguage":"en-US","@id":"https:\/\/www.euchems.eu\/newsletters\/#\/schema\/person\/image\/","url":"https:\/\/secure.gravatar.com\/avatar\/1ad3660db214f98473c39196fc8040e7?s=96&d=mm&r=g","contentUrl":"https:\/\/secure.gravatar.com\/avatar\/1ad3660db214f98473c39196fc8040e7?s=96&d=mm&r=g","caption":"euchems_admin"},"url":"https:\/\/www.euchems.eu\/newsletters\/author\/euchems_admin\/"}]}},"jetpack_featured_media_url":"https:\/\/i0.wp.com\/www.euchems.eu\/newsletters\/wp-content\/uploads\/2021\/09\/Almade\u0301n.png?fit=900%2C563&ssl=1","jetpack_shortlink":"https:\/\/wp.me\/p7iPLy-2SJ","jetpack_sharing_enabled":true,"_links":{"self":[{"href":"https:\/\/www.euchems.eu\/newsletters\/wp-json\/wp\/v2\/posts\/11081"}],"collection":[{"href":"https:\/\/www.euchems.eu\/newsletters\/wp-json\/wp\/v2\/posts"}],"about":[{"href":"https:\/\/www.euchems.eu\/newsletters\/wp-json\/wp\/v2\/types\/post"}],"author":[{"embeddable":true,"href":"https:\/\/www.euchems.eu\/newsletters\/wp-json\/wp\/v2\/users\/1"}],"replies":[{"embeddable":true,"href":"https:\/\/www.euchems.eu\/newsletters\/wp-json\/wp\/v2\/comments?post=11081"}],"version-history":[{"count":4,"href":"https:\/\/www.euchems.eu\/newsletters\/wp-json\/wp\/v2\/posts\/11081\/revisions"}],"predecessor-version":[{"id":11136,"href":"https:\/\/www.euchems.eu\/newsletters\/wp-json\/wp\/v2\/posts\/11081\/revisions\/11136"}],"wp:featuredmedia":[{"embeddable":true,"href":"https:\/\/www.euchems.eu\/newsletters\/wp-json\/wp\/v2\/media\/11110"}],"wp:attachment":[{"href":"https:\/\/www.euchems.eu\/newsletters\/wp-json\/wp\/v2\/media?parent=11081"}],"wp:term":[{"taxonomy":"category","embeddable":true,"href":"https:\/\/www.euchems.eu\/newsletters\/wp-json\/wp\/v2\/categories?post=11081"},{"taxonomy":"post_tag","embeddable":true,"href":"https:\/\/www.euchems.eu\/newsletters\/wp-json\/wp\/v2\/tags?post=11081"}],"curies":[{"name":"wp","href":"https:\/\/api.w.org\/{rel}","templated":true}]}}